{"id":550,"date":"2015-09-10T13:25:00","date_gmt":"2015-09-10T11:25:00","guid":{"rendered":"http:\/\/www.athenor.com\/art-et-sciences\/?p=550"},"modified":"2015-12-23T16:24:57","modified_gmt":"2015-12-23T14:24:57","slug":"des-spectacles-en-echo-de-la-saison-15-16","status":"publish","type":"post","link":"https:\/\/www.athenor.com\/art-et-sciences\/?p=550","title":{"rendered":"Des spectacles en \u00e9cho avec la saison 15-16"},"content":{"rendered":"<p><strong>Les LABOS# et les petits labos# pourront alimenter leur processus avec des d\u00e9marches d\u2019autres artistes \u00e0 travers des spectacles et des \u00e9v\u00e9nements\u00a0programm\u00e9s par Ath\u00e9nor dans la saison du CHATS:<\/strong><\/p>\n<p>&#8211;<a href=\"http:\/\/www.athenor.com\/art-et-sciences\/wp-content\/uploads\/2015\/12\/Capture-d\u2019\u00e9cran-2015-12-22-\u00e0-19.22.01.png\" rel=\"attachment wp-att-487\"><img loading=\"lazy\" decoding=\"async\" class=\" wp-image-487 alignleft\" src=\"http:\/\/www.athenor.com\/art-et-sciences\/wp-content\/uploads\/2015\/12\/Capture-d\u2019\u00e9cran-2015-12-22-\u00e0-19.22.01.png\" alt=\"Capture d\u2019\u00e9cran 2015-12-22 \u00e0 19.22.01\" width=\"253\" height=\"334\" srcset=\"https:\/\/www.athenor.com\/art-et-sciences\/wp-content\/uploads\/2015\/12\/Capture-d\u2019\u00e9cran-2015-12-22-\u00e0-19.22.01.png 186w, https:\/\/www.athenor.com\/art-et-sciences\/wp-content\/uploads\/2015\/12\/Capture-d\u2019\u00e9cran-2015-12-22-\u00e0-19.22.01-113x150.png 113w\" sizes=\"(max-width: 253px) 100vw, 253px\" \/><\/a><strong> Tempus !\u00a0<\/strong>Tempus est une aventure de recherche et de cr\u00e9ation sur le\u00a0temps, men\u00e9e par la chanteuse Aur\u00e9lie Maisonneuve avec trois\u00a0musiciens complices.\u00a0Cette aventure m\u00e8nera \u00e0 trois variations, trois duos voix et\u00a0instruments A trois variations sonores autour du temps, trois\u00a0spectacles Le temps des origines Le temps pr\u00e9sent\u00a0Le temps \u00e0 venir : De l\u2019instant \u00e0 la dur\u00e9e, du point \u00e0 la ligne, de la\u00a0travers\u00e9e au balancement, la d\u00e9clinaison de ces duos se nourrit\u00a0de la relation si riche du tout-petit au temps. <em><strong>Aur\u00e9lie Maisonneuve (chanteuse) avec\u00a0Martine Altemburger (violoncelle) , Toma Gouband(percussions), Philippe Foch (percussion)<br \/>\n<\/strong><\/em><strong>Programm\u00e9 les 2 et 3 octobre 2015 et du 28 au 30 mai 2016 \u00e0 Ath\u00e9nor, Saint-Nazaire<\/strong><\/p>\n<p>&nbsp;<\/p>\n<p><a href=\"http:\/\/www.athenor.com\/art-et-sciences\/wp-content\/uploads\/2015\/12\/Capture-d\u2019\u00e9cran-2015-12-23-\u00e0-12.22.26.png\" rel=\"attachment wp-att-555\"><img loading=\"lazy\" decoding=\"async\" class=\" wp-image-555 alignleft\" src=\"http:\/\/www.athenor.com\/art-et-sciences\/wp-content\/uploads\/2015\/12\/Capture-d\u2019\u00e9cran-2015-12-23-\u00e0-12.22.26-202x300.png\" alt=\"Capture d\u2019\u00e9cran 2015-12-23 \u00e0 12.22.26\" width=\"160\" height=\"238\" srcset=\"https:\/\/www.athenor.com\/art-et-sciences\/wp-content\/uploads\/2015\/12\/Capture-d\u2019\u00e9cran-2015-12-23-\u00e0-12.22.26-202x300.png 202w, https:\/\/www.athenor.com\/art-et-sciences\/wp-content\/uploads\/2015\/12\/Capture-d\u2019\u00e9cran-2015-12-23-\u00e0-12.22.26-101x150.png 101w, https:\/\/www.athenor.com\/art-et-sciences\/wp-content\/uploads\/2015\/12\/Capture-d\u2019\u00e9cran-2015-12-23-\u00e0-12.22.26.png 396w\" sizes=\"(max-width: 160px) 100vw, 160px\" \/><\/a>&#8211; <strong>Badavlan !<\/strong> Th\u00e9\u00e2tre, corps et mati\u00e8re. \u00ab Sur la sc\u00e8ne de cet atelier, un homme et une femme vont se livrer \u00e0 toutes sortes d\u2019exp\u00e9riences de\u00a0physique po\u00e9tique appliqu\u00e9es \u00e0 la chute. La chute, manifestation implacable de la Pesanteur, sera au coeur de leurs tentatives de r\u00e9sister \u00e0\u00a0cette puissance d\u2019\u00e9crasement \u00e0 l\u2019oeuvre. Pour en savoir plus long sur ce qui nous menace, \u00e7a va tomber ! Corps, pens\u00e9e, mati\u00e8re, seront mis\u00a0\u00e0 l\u2019\u00e9preuve. \u00bb <strong><em>Pierre Meunier<br \/>\n<\/em><\/strong><strong>Programm\u00e9 les 3 et 4 mars 2016 \u00e0 la Salle Jacques Brel de Saint-Nazaire<\/strong><\/p>\n<p>&nbsp;<\/p>\n<p><strong>&#8211; Apertures<\/strong>\u00a0\u00ab Entendr<a href=\"http:\/\/www.athenor.com\/art-et-sciences\/wp-content\/uploads\/2015\/12\/Capture-d\u2019\u00e9cran-2015-12-23-\u00e0-12.08.27.png\" rel=\"attachment wp-att-551\"><img loading=\"lazy\" decoding=\"async\" class=\"wp-image-551 alignleft\" src=\"http:\/\/www.athenor.com\/art-et-sciences\/wp-content\/uploads\/2015\/12\/Capture-d\u2019\u00e9cran-2015-12-23-\u00e0-12.08.27-300x177.png\" alt=\"Capture d\u2019\u00e9cran 2015-12-23 \u00e0 12.08.27\" width=\"281\" height=\"166\" srcset=\"https:\/\/www.athenor.com\/art-et-sciences\/wp-content\/uploads\/2015\/12\/Capture-d\u2019\u00e9cran-2015-12-23-\u00e0-12.08.27-300x177.png 300w, https:\/\/www.athenor.com\/art-et-sciences\/wp-content\/uploads\/2015\/12\/Capture-d\u2019\u00e9cran-2015-12-23-\u00e0-12.08.27-768x454.png 768w, https:\/\/www.athenor.com\/art-et-sciences\/wp-content\/uploads\/2015\/12\/Capture-d\u2019\u00e9cran-2015-12-23-\u00e0-12.08.27-150x89.png 150w, https:\/\/www.athenor.com\/art-et-sciences\/wp-content\/uploads\/2015\/12\/Capture-d\u2019\u00e9cran-2015-12-23-\u00e0-12.08.27.png 809w\" sizes=\"(max-width: 281px) 100vw, 281px\" \/><\/a>e le geste et voir le son ! Cette installation est une sculpture sonore donn\u00e9e \u00e0 explorer o\u00f9 toute une palette de sc\u00e8nesdistinctes est propos\u00e9e, offrant la possibilit\u00e9 de d\u00e9couvrir et de jouer d\u2019autant de situations musicales diff\u00e9rentes. Chaque sc\u00e8ne est un\u00a0nouvel univers sonore : mati\u00e8res concr\u00e8tes \u00e0 manipuler, extraits de pi\u00e8ces \u00e9lectroacoustiques\u00a0\u00bb\u00a0<em><strong>Mathieu Chamagne &#8211;<br \/>\n<\/strong><\/em><strong>\u00a0Du 15 au 20 mars 2016 \u00e0 Ath\u00e9nor<\/strong><\/p>\n<p><a href=\"http:\/\/www.athenor.com\/art-et-sciences\/wp-content\/uploads\/2015\/12\/Capture-d\u2019\u00e9cran-2015-12-23-\u00e0-12.13.02.png\" rel=\"attachment wp-att-552\"><img loading=\"lazy\" decoding=\"async\" class=\" wp-image-552 alignleft\" src=\"http:\/\/www.athenor.com\/art-et-sciences\/wp-content\/uploads\/2015\/12\/Capture-d\u2019\u00e9cran-2015-12-23-\u00e0-12.13.02.png\" alt=\"Capture d\u2019\u00e9cran 2015-12-23 \u00e0 12.13.02\" width=\"274\" height=\"274\" srcset=\"https:\/\/www.athenor.com\/art-et-sciences\/wp-content\/uploads\/2015\/12\/Capture-d\u2019\u00e9cran-2015-12-23-\u00e0-12.13.02.png 257w, https:\/\/www.athenor.com\/art-et-sciences\/wp-content\/uploads\/2015\/12\/Capture-d\u2019\u00e9cran-2015-12-23-\u00e0-12.13.02-150x150.png 150w\" sizes=\"(max-width: 274px) 100vw, 274px\" \/><\/a><strong>&#8211; L\u2019hame\u00e7on<\/strong> \u00ab Trois hommes sur un plateau. Ils vont, viennent, agissent, manipulent. Ils sont comme des p\u00eacheurs sur un bateau la nuit : ils\u00a0ont des t\u00e2ches \u00e0 accomplir. Chaque d\u00e9placement, chaque geste, est en relation avec le paysage sonore et la lumi\u00e8re. L\u2019espace se transforme,\u00a0devient brumeux ou au contraire prend des reliefs aux angles vifs, devient abstrait, vaste ou intime, au fil des actions des hommes. Cette\u00a0cr\u00e9ation sonore et gestuelle joue avec les nouvelles technologies sans d\u00e9jouer l\u2019art du num\u00e9rique \u00bb <em><strong>Jean-L\u00e9on Pallandre &#8211; \u00a0 \u00a0<\/strong><\/em><strong>Programm\u00e9 le 24 et 25 f\u00e9vrier 2016 \u00e0 la Salle Jacques Brel de Saint-Nazaire\u00a0<\/strong><\/p>\n<p><strong><a href=\"http:\/\/www.athenor.com\/art-et-sciences\/wp-content\/uploads\/2015\/12\/Capture-d\u2019\u00e9cran-2015-12-23-\u00e0-12.17.43.png\" rel=\"attachment wp-att-554\"><img loading=\"lazy\" decoding=\"async\" class=\" wp-image-554 alignleft\" src=\"http:\/\/www.athenor.com\/art-et-sciences\/wp-content\/uploads\/2015\/12\/Capture-d\u2019\u00e9cran-2015-12-23-\u00e0-12.17.43-300x229.png\" alt=\"Capture d\u2019\u00e9cran 2015-12-23 \u00e0 12.17.43\" width=\"274\" height=\"209\" srcset=\"https:\/\/www.athenor.com\/art-et-sciences\/wp-content\/uploads\/2015\/12\/Capture-d\u2019\u00e9cran-2015-12-23-\u00e0-12.17.43-300x229.png 300w, https:\/\/www.athenor.com\/art-et-sciences\/wp-content\/uploads\/2015\/12\/Capture-d\u2019\u00e9cran-2015-12-23-\u00e0-12.17.43-150x115.png 150w, https:\/\/www.athenor.com\/art-et-sciences\/wp-content\/uploads\/2015\/12\/Capture-d\u2019\u00e9cran-2015-12-23-\u00e0-12.17.43.png 556w\" sizes=\"(max-width: 274px) 100vw, 274px\" \/><\/a>&#8211; Je te souviens<\/strong> \u00ab Si l\u2019oubli n\u2019existait pas, nous ne serions plus qu\u2019un objet abstrait et d\u00e9shumanis\u00e9, un archivage m\u00e9moriel, un dossier\u00a0informatique au go\u00fbt du jour, un disque dur qui existerait le temps d\u2019une vie avant de finir mis\u00e9rablement dans une d\u00e9chetterie. Cette cr\u00e9ation\u00a0est n\u00e9e de Souviens-moi d\u2019Yves Pag\u00e8s avec l\u2019envie irr\u00e9pressible de cr\u00e9er un spectacle autour d\u2019un tr\u00e9sor humain, la m\u00e9moire collective et la\u00a0m\u00e9moire intime, deux espaces-temps de trous, tours, troubles et d\u00e9tours \u00bb <em><strong>Beno\u00eet Bradel &#8211;<\/p>\n<p><\/strong><\/em><strong>Programm\u00e9 le 13 janvier 2016 au Th\u00e9\u00e2tre Jean Bart \u00e0 Saint-Marc<\/strong><\/p>\n","protected":false},"excerpt":{"rendered":"<p>Les LABOS# et les petits labos# pourront alimenter leur processus avec des d\u00e9marches d\u2019autres artistes \u00e0 travers des spectacles et des \u00e9v\u00e9nements\u00a0programm\u00e9s par Ath\u00e9nor dans la saison du CHATS: &#8211; Tempus !\u00a0Tempus est une aventure de recherche et de cr\u00e9ation sur le\u00a0temps, men\u00e9e par la chanteuse Aur\u00e9lie Maisonneuve avec trois\u00a0musiciens complices.\u00a0Cette aventure m\u00e8nera \u00e0 trois &hellip; <a href=\"https:\/\/www.athenor.com\/art-et-sciences\/?p=550\" class=\"more-link\">Continuer la lecture<span class=\"screen-reader-text\"> de <span class=\"screen-reader-text\">Des spectacles en \u00e9cho avec la saison 15-16<\/span><\/span>&nbsp;<span class=\"meta-nav\">&rarr;<\/span><\/a><\/p>\n","protected":false},"author":1,"featured_media":0,"comment_status":"open","ping_status":"open","sticky":false,"template":"","format":"standard","meta":{"footnotes":""},"categories":[64],"tags":[],"_links":{"self":[{"href":"https:\/\/www.athenor.com\/art-et-sciences\/index.php?rest_route=\/wp\/v2\/posts\/550"}],"collection":[{"href":"https:\/\/www.athenor.com\/art-et-sciences\/index.php?rest_route=\/wp\/v2\/posts"}],"about":[{"href":"https:\/\/www.athenor.com\/art-et-sciences\/index.php?rest_route=\/wp\/v2\/types\/post"}],"author":[{"embeddable":true,"href":"https:\/\/www.athenor.com\/art-et-sciences\/index.php?rest_route=\/wp\/v2\/users\/1"}],"replies":[{"embeddable":true,"href":"https:\/\/www.athenor.com\/art-et-sciences\/index.php?rest_route=%2Fwp%2Fv2%2Fcomments&post=550"}],"version-history":[{"count":65,"href":"https:\/\/www.athenor.com\/art-et-sciences\/index.php?rest_route=\/wp\/v2\/posts\/550\/revisions"}],"predecessor-version":[{"id":621,"href":"https:\/\/www.athenor.com\/art-et-sciences\/index.php?rest_route=\/wp\/v2\/posts\/550\/revisions\/621"}],"wp:attachment":[{"href":"https:\/\/www.athenor.com\/art-et-sciences\/index.php?rest_route=%2Fwp%2Fv2%2Fmedia&parent=550"}],"wp:term":[{"taxonomy":"category","embeddable":true,"href":"https:\/\/www.athenor.com\/art-et-sciences\/index.php?rest_route=%2Fwp%2Fv2%2Fcategories&post=550"},{"taxonomy":"post_tag","embeddable":true,"href":"https:\/\/www.athenor.com\/art-et-sciences\/index.php?rest_route=%2Fwp%2Fv2%2Ftags&post=550"}],"curies":[{"name":"wp","href":"https:\/\/api.w.org\/{rel}","templated":true}]}}